{"id":631960,"date":"2020-07-22T11:25:06","date_gmt":"2020-07-22T09:25:06","guid":{"rendered":"https:\/\/innovalia-metrology.cbtpruebas.es\/the-innovalia-group-closed-the-1st-innovalia-week-with-the-celebration-of-the-18th-innovalia-convention-this-time-in-a-virtual-format\/"},"modified":"2023-03-10T12:05:33","modified_gmt":"2023-03-10T11:05:33","slug":"el-grupo-innovalia-cerro-la-1a-innovalia-week-con-la-celebracion-de-la-18a-convencion-innovalia-esta-vez-en-formato-virtual","status":"publish","type":"post","link":"https:\/\/innovalia-metrology.com\/es\/el-grupo-innovalia-cerro-la-1a-innovalia-week-con-la-celebracion-de-la-18a-convencion-innovalia-esta-vez-en-formato-virtual\/","title":{"rendered":"El Grupo Innovalia cerr\u00f3 la 1\u00aa Innovalia Week con la celebraci\u00f3n de la 18\u00aa Convenci\u00f3n Innovalia, esta vez, en formato virtual"},"content":{"rendered":"<p>El Grupo Innovalia celebr\u00f3 del 13 al 17 de julio, la 1\u00aa Innovalia Week, un evento virtual a lo largo de una semana, en el que el Grupo Innovalia abri\u00f3 sus puertas m\u00e1s que nunca para presentar soluciones, herramientas y metodolog\u00edas que se desarrollan y comercializan desde el grupo y que son clave para superar los retos actuales de la industria.<br \/>\nLa Innovalia Week ofreci\u00f3 un webinar diario, durante los d\u00edas 13, 14, 15 y 16, relacionado con las \u00e1reas de trabajo del Grupo Innovalia, donde se presentaron herramientas de software y metodolog\u00edas innovadores para trabajar con \u00e9xito en el panorama actual. Sin embargo, El 17 de julio, se lleg\u00f3 a la conclusi\u00f3n de la Innovalia Week con la celebraci\u00f3n de la Convenci\u00f3n Innovalia 2020, donde los representantes de las empresas del Grupo Innovalia, acompa\u00f1ados de los principales representantes de la Industria Vasca y m\u00e1s de 200 tele-asistentes, revisaron los retos a los que se enfrentan y compartieron los principales hitos del a\u00f1o, manteniendo el formato de convenci\u00f3n, esta vez digital, de otros a\u00f1os.<br \/>\n<strong>La primera intervenci\u00f3n de la Convenci\u00f3n fue de mano del presidente del Grupo Innovalia, Jes\u00fas de la Maza, quien valor\u00f3 la situaci\u00f3n global como una gran oportunidad para el Grupo.<\/strong>\u00a0\u201c<em>La tecnolog\u00eda que generamos se nutre de la colaboraci\u00f3n entre las empresas del grupo, de compartir experiencias, know-how y conocimiento del mercado<\/em>\u201d. Comentaba Jes\u00fas de la Maza mientras compart\u00eda cifras positivas y motivadoras para el grupo vasco. \u201c<em>A cada una de las empresas del Grupo le ha afectado la pandemia de forma distinta, pero puedo anunciar que la facturaci\u00f3n global del grupo s\u00f3lo se ha visto afectada en un 20%, que hemos mantenido todos los puestos de trabajo y esperamos recuperar las cifras a final de a\u00f1o<\/em>\u201d. De esta misma manera, Jes\u00fas de la Maza aprovechaba la oportunidad para aboga por la colaboraci\u00f3n entre organismos, empresas, defender la motivaci\u00f3n del Grupo para continuar siendo un ejemplo en compromiso tecnol\u00f3gico y en car\u00e1cter innovador.<\/p>\n<p><strong>A continuaci\u00f3n, Jes\u00fas de la Maza inici\u00f3 un debate al que se uni\u00f3 la Consejera de Desarrollo Econ\u00f3mico e Infraestructuras en funciones, D\u00aa. Arantxa Tapia<\/strong>, con un discurso inspirador sobre la situaci\u00f3n de la industria de Euskadi, las claves principales para liderar el futuro hacia una Industria de \u00e9xito y el papel de las pymes y la innovaci\u00f3n para conseguirlo. Tanto Jes\u00fas de la Maza como D\u00aa Arantxa Tapia coincidieron en que vivimos una situaci\u00f3n que demanda mucha atenci\u00f3n, pero lo urgente no nos deber\u00eda hacer olvidar lo importante, como puede ser la aceleraci\u00f3n de la digitalizaci\u00f3n industrial, para que lo digital se convierta en algo caracter\u00edstico de la empresa de Euskadi y que esto nos ayude a incorporar alto producto tecnol\u00f3gico. Ambos participantes coincidieron en que se debe seguir trabajando para que la demanda de producto industrial sirva de protecci\u00f3n para el producto industrial del alto valor tecnol\u00f3gico que desarrollamos en Euskadi.<\/p>\n<p>\u201c<em>El tejido industrial tiene que ser competitivo, tiene que ser digital y moderno. Por eso la inversi\u00f3n en I+D es clave al igual que la colaboraci\u00f3n entre organismos o la colaboraci\u00f3n con otras regiones europeas<\/em>\u201d. Coment\u00f3 D\u00aa Arantxa Tapia. Jes\u00fas de la Maza, coincidi\u00f3 en que el esfuerzo y el impulso para seguir trabajando en la optimizaci\u00f3n de la Industria no deben cesar y los dos participantes coincidieron en afirmar que en Euskadi se cuenta con empresas de alto valor tecnol\u00f3gico que est\u00e1n compitiendo con grandes empresas multinacionales y que es importante brindarles el apoyo necesario para que est\u00e9n presentes en otros mercados. \u201c<em>En Euskadi somos capaces de desarrollar grandes iniciativas y adem\u00e1s hacerlo siempre con tecnolog\u00eda propia. Ah\u00ed reside una de las claves m\u00e1s importantes de un futuro prometedor<\/em>\u201d Conclu\u00eda D\u00aa Arantxa Tapia.<\/p>\n<p><strong>Durante el resto de la jornada los representantes de las distintas entidades que forman el Grupo Innovalia, CARSA, Asociaci\u00f3n Innovalia, Redborder, SQS, CBT, Innovalia Metrology, 3D Kumo y Technarte,<\/strong>\u00a0presentaron los \u00e9xitos del \u00faltimo a\u00f1o y las nuevas oportunidades que se abren en esta nueva situaci\u00f3n, poniendo siempre sobre la mesa y compartiendo con el resto del Grupo c\u00f3mo se est\u00e1 redireccionando la actividad desde cada empresa.<\/p>\n<p><strong>La jornada se clausur\u00f3 con la intervenci\u00f3n de un invitado de honor, Luis Ignacio Vicente, CIO de Asti Robotics,<\/strong>\u00a0que comparti\u00f3 una interesante ponencia sobre Rob\u00f3tica y la Inteligencia Artificial en el escenario post-Covid. Luis Ignacio Vicente comparti\u00f3 una visi\u00f3n general del panorama, haciendo alusi\u00f3n a la visi\u00f3n de futuro industrial que comparte no s\u00f3lo con Jes\u00fas de la Maza, si no refiri\u00e9ndose a muchos de los ponentes del Grupo Innovalia.<br \/>\n\u201c<em>Hace casi 8 a\u00f1os, en telef\u00f3nica se decidi\u00f3 empezar a hablar de Industria 4.0. Telef\u00f3nica era l\u00edder en colaboraci\u00f3n en proyectos europeos y tras una conversaci\u00f3n con el CDTI nos comentaron que si quer\u00edamos hablar de Industria 4.0 y de proyectos de innovaci\u00f3n ten\u00edamos que hablar con el Grupo Innovalia, porque son la referencia en este \u00e1mbito y ah\u00ed comenz\u00f3 mi colaboraci\u00f3n<\/em>\u201d Comentaba Luis Ignacio Vicente mientras repasaba su trayectoria profesional. La jornada concluy\u00f3 con interesantes conclusiones de la mano de Luis Ignacio Vicente, Silvia de la Maza y Jes\u00fas de la Maza. Conclusiones que nos permiten despejar las dudas sobre el compromiso con la innovaci\u00f3n y la digitalizaci\u00f3n de las pymes y que sin duda nos llevan a pensar que este nuevo paradigma se est\u00e1 convirtiendo para muchas empresas en una oportunidad de superaci\u00f3n, en la perfecta ocasi\u00f3n para ampliar campos de actividad y para dar con maneras m\u00e1s \u00f3ptimas de desarrollar su actividad empresarial.<\/p>\n<p><img decoding=\"async\" class=\"size-full wp-image-15845 aligncenter\" src=\"https:\/\/innovalia-metrology.com\/wp-content\/uploads\/2020\/07\/21-6b48e892214d1c3c-copia.png\" alt=\"\" width=\"100%\" srcset=\"https:\/\/innovalia-metrology.com\/wp-content\/uploads\/2020\/07\/21-6b48e892214d1c3c-copia.png 900w, https:\/\/innovalia-metrology.com\/wp-content\/uploads\/2020\/07\/21-6b48e892214d1c3c-copia-300x163.png 300w, https:\/\/innovalia-metrology.com\/wp-content\/uploads\/2020\/07\/21-6b48e892214d1c3c-copia-768x418.png 768w, https:\/\/innovalia-metrology.com\/wp-content\/uploads\/2020\/07\/21-6b48e892214d1c3c-copia-636x346.png 636w, https:\/\/innovalia-metrology.com\/wp-content\/uploads\/2020\/07\/21-6b48e892214d1c3c-copia-320x174.png 320w, https:\/\/innovalia-metrology.com\/wp-content\/uploads\/2020\/07\/21-6b48e892214d1c3c-copia-239x130.png 239w\" sizes=\"(max-width: 900px) 100vw, 900px\" \/><\/p>\n<p style=\"text-align: center;\">Jes\u00fas de la Maza, President of the Innovalia Group during his intervention<\/p>\n<p style=\"text-align: center;\"><img decoding=\"async\" class=\"alignleft size-full wp-image-15851\" src=\"https:\/\/innovalia-metrology.com\/wp-content\/uploads\/2020\/07\/3-6b467f97f1346e0c.png\" alt=\"\" width=\"100%\" srcset=\"https:\/\/innovalia-metrology.com\/wp-content\/uploads\/2020\/07\/3-6b467f97f1346e0c.png 900w, https:\/\/innovalia-metrology.com\/wp-content\/uploads\/2020\/07\/3-6b467f97f1346e0c-300x142.png 300w, https:\/\/innovalia-metrology.com\/wp-content\/uploads\/2020\/07\/3-6b467f97f1346e0c-768x364.png 768w, https:\/\/innovalia-metrology.com\/wp-content\/uploads\/2020\/07\/3-6b467f97f1346e0c-636x302.png 636w, https:\/\/innovalia-metrology.com\/wp-content\/uploads\/2020\/07\/3-6b467f97f1346e0c-320x152.png 320w, https:\/\/innovalia-metrology.com\/wp-content\/uploads\/2020\/07\/3-6b467f97f1346e0c-239x113.png 239w\" sizes=\"(max-width: 900px) 100vw, 900px\" \/><br \/>\nJes\u00fas de la Maza and Arantxa Tapia talking about Industry 4.0<\/p>\n<p style=\"text-align: center;\"><img decoding=\"async\" class=\"alignleft size-full wp-image-15857\" src=\"https:\/\/innovalia-metrology.com\/wp-content\/uploads\/2020\/07\/asti-6b4b2887fa67a10c.png\" alt=\"\" width=\"100%\" srcset=\"https:\/\/innovalia-metrology.com\/wp-content\/uploads\/2020\/07\/asti-6b4b2887fa67a10c.png 900w, https:\/\/innovalia-metrology.com\/wp-content\/uploads\/2020\/07\/asti-6b4b2887fa67a10c-300x139.png 300w, https:\/\/innovalia-metrology.com\/wp-content\/uploads\/2020\/07\/asti-6b4b2887fa67a10c-768x357.png 768w, https:\/\/innovalia-metrology.com\/wp-content\/uploads\/2020\/07\/asti-6b4b2887fa67a10c-636x295.png 636w, https:\/\/innovalia-metrology.com\/wp-content\/uploads\/2020\/07\/asti-6b4b2887fa67a10c-320x149.png 320w, https:\/\/innovalia-metrology.com\/wp-content\/uploads\/2020\/07\/asti-6b4b2887fa67a10c-239x111.png 239w\" sizes=\"(max-width: 900px) 100vw, 900px\" \/><br \/>\nLuis Ignacio Vicente during his intervention<\/p>\n","protected":false},"excerpt":{"rendered":"<p>El Grupo Innovalia celebr\u00f3 del 13 al 17 de julio, la 1\u00aa Innovalia Week, un evento virtual a lo largo de una semana, en el que el Grupo Innovalia abri\u00f3 sus puertas m\u00e1s que nunca para presentar soluciones, herramientas y metodolog\u00edas que se desarrollan y comercializan desde el grupo y que son clave para superar los retos actuales de la industria.<\/p>\n","protected":false},"author":85986,"featured_media":96836,"comment_status":"closed","ping_status":"open","sticky":false,"template":"","format":"standard","meta":{"_acf_changed":false,"_et_pb_use_builder":"","_et_pb_old_content":"","_et_gb_content_width":"","footnotes":""},"categories":[726,727],"tags":[],"class_list":["post-631960","post","type-post","status-publish","format-standard","has-post-thumbnail","hentry","category-eventos","category-noticias"],"acf":[],"yoast_head":"<title>El Grupo Innovalia cerr\u00f3 la 1\u00aa Innovalia Week con la celebraci\u00f3n de la 18\u00aa Convenci\u00f3n Innovalia, esta vez, en formato virtual<\/title>\n<meta name=\"robots\" content=\"index, follow, max-snippet:-1, max-image-preview:large, max-video-preview:-1\" \/>\n<link rel=\"canonical\" href=\"https:\/\/innovalia-metrology.com\/es\/el-grupo-innovalia-cerro-la-1a-innovalia-week-con-la-celebracion-de-la-18a-convencion-innovalia-esta-vez-en-formato-virtual\/\" \/>\n<meta property=\"og:locale\" content=\"es_ES\" \/>\n<meta property=\"og:type\" content=\"article\" \/>\n<meta property=\"og:title\" content=\"El Grupo Innovalia cerr\u00f3 la 1\u00aa Innovalia Week con la celebraci\u00f3n de la 18\u00aa Convenci\u00f3n Innovalia, esta vez, en formato virtual\" \/>\n<meta property=\"og:description\" content=\"El Grupo Innovalia celebr\u00f3 del 13 al 17 de julio, la 1\u00aa Innovalia Week, un evento virtual a lo largo de una semana, en el que el Grupo Innovalia abri\u00f3 sus puertas m\u00e1s que nunca para presentar soluciones, herramientas y metodolog\u00edas que se desarrollan y comercializan desde el grupo y que son clave para superar los retos actuales de la industria.\" \/>\n<meta property=\"og:url\" content=\"https:\/\/innovalia-metrology.com\/es\/el-grupo-innovalia-cerro-la-1a-innovalia-week-con-la-celebracion-de-la-18a-convencion-innovalia-esta-vez-en-formato-virtual\/\" \/>\n<meta property=\"og:site_name\" content=\"INNOVALIA METROLOGY | INDUSTRIAL METROLOGY SOLUTIONS\" \/>\n<meta property=\"article:published_time\" content=\"2020-07-22T09:25:06+00:00\" \/>\n<meta property=\"article:modified_time\" content=\"2023-03-10T11:05:33+00:00\" \/>\n<meta property=\"og:image\" content=\"https:\/\/innovalia-metrology.com\/wp-content\/uploads\/2020\/07\/21-6b48e892214d1c3c-copia.png\" \/>\n\t<meta property=\"og:image:width\" content=\"900\" \/>\n\t<meta property=\"og:image:height\" content=\"490\" \/>\n\t<meta property=\"og:image:type\" content=\"image\/png\" \/>\n<meta name=\"author\" content=\"innovalia-metrology\" \/>\n<meta name=\"twitter:label1\" content=\"Escrito por\" \/>\n\t<meta name=\"twitter:data1\" content=\"innovalia-metrology\" \/>\n\t<meta name=\"twitter:label2\" content=\"Tiempo de lectura\" \/>\n\t<meta name=\"twitter:data2\" content=\"5 minutos\" \/>\n<script type=\"application\/ld+json\" class=\"yoast-schema-graph\">{\"@context\":\"https:\/\/schema.org\",\"@graph\":[{\"@type\":\"Article\",\"@id\":\"https:\/\/innovalia-metrology.com\/es\/el-grupo-innovalia-cerro-la-1a-innovalia-week-con-la-celebracion-de-la-18a-convencion-innovalia-esta-vez-en-formato-virtual\/#article\",\"isPartOf\":{\"@id\":\"https:\/\/innovalia-metrology.com\/es\/el-grupo-innovalia-cerro-la-1a-innovalia-week-con-la-celebracion-de-la-18a-convencion-innovalia-esta-vez-en-formato-virtual\/\"},\"author\":{\"name\":\"innovalia-metrology\",\"@id\":\"https:\/\/innovalia-metrology.com\/es\/#\/schema\/person\/6223d264bcb89da720d425cadd2ad597\"},\"headline\":\"El Grupo Innovalia cerr\u00f3 la 1\u00aa Innovalia Week con la celebraci\u00f3n de la 18\u00aa Convenci\u00f3n Innovalia, esta vez, en formato virtual\",\"datePublished\":\"2020-07-22T09:25:06+00:00\",\"dateModified\":\"2023-03-10T11:05:33+00:00\",\"mainEntityOfPage\":{\"@id\":\"https:\/\/innovalia-metrology.com\/es\/el-grupo-innovalia-cerro-la-1a-innovalia-week-con-la-celebracion-de-la-18a-convencion-innovalia-esta-vez-en-formato-virtual\/\"},\"wordCount\":1029,\"publisher\":{\"@id\":\"https:\/\/innovalia-metrology.com\/es\/#organization\"},\"image\":{\"@id\":\"https:\/\/innovalia-metrology.com\/es\/el-grupo-innovalia-cerro-la-1a-innovalia-week-con-la-celebracion-de-la-18a-convencion-innovalia-esta-vez-en-formato-virtual\/#primaryimage\"},\"thumbnailUrl\":\"https:\/\/innovalia-metrology.com\/wp-content\/uploads\/2020\/07\/21-6b48e892214d1c3c-copia.png\",\"articleSection\":[\"Eventos\",\"Noticias\"],\"inLanguage\":\"es\"},{\"@type\":\"WebPage\",\"@id\":\"https:\/\/innovalia-metrology.com\/es\/el-grupo-innovalia-cerro-la-1a-innovalia-week-con-la-celebracion-de-la-18a-convencion-innovalia-esta-vez-en-formato-virtual\/\",\"url\":\"https:\/\/innovalia-metrology.com\/es\/el-grupo-innovalia-cerro-la-1a-innovalia-week-con-la-celebracion-de-la-18a-convencion-innovalia-esta-vez-en-formato-virtual\/\",\"name\":\"El Grupo Innovalia cerr\u00f3 la 1\u00aa Innovalia Week con la celebraci\u00f3n de la 18\u00aa Convenci\u00f3n Innovalia, esta vez, en formato virtual\",\"isPartOf\":{\"@id\":\"https:\/\/innovalia-metrology.com\/es\/#website\"},\"primaryImageOfPage\":{\"@id\":\"https:\/\/innovalia-metrology.com\/es\/el-grupo-innovalia-cerro-la-1a-innovalia-week-con-la-celebracion-de-la-18a-convencion-innovalia-esta-vez-en-formato-virtual\/#primaryimage\"},\"image\":{\"@id\":\"https:\/\/innovalia-metrology.com\/es\/el-grupo-innovalia-cerro-la-1a-innovalia-week-con-la-celebracion-de-la-18a-convencion-innovalia-esta-vez-en-formato-virtual\/#primaryimage\"},\"thumbnailUrl\":\"https:\/\/innovalia-metrology.com\/wp-content\/uploads\/2020\/07\/21-6b48e892214d1c3c-copia.png\",\"datePublished\":\"2020-07-22T09:25:06+00:00\",\"dateModified\":\"2023-03-10T11:05:33+00:00\",\"breadcrumb\":{\"@id\":\"https:\/\/innovalia-metrology.com\/es\/el-grupo-innovalia-cerro-la-1a-innovalia-week-con-la-celebracion-de-la-18a-convencion-innovalia-esta-vez-en-formato-virtual\/#breadcrumb\"},\"inLanguage\":\"es\",\"potentialAction\":[{\"@type\":\"ReadAction\",\"target\":[\"https:\/\/innovalia-metrology.com\/es\/el-grupo-innovalia-cerro-la-1a-innovalia-week-con-la-celebracion-de-la-18a-convencion-innovalia-esta-vez-en-formato-virtual\/\"]}]},{\"@type\":\"ImageObject\",\"inLanguage\":\"es\",\"@id\":\"https:\/\/innovalia-metrology.com\/es\/el-grupo-innovalia-cerro-la-1a-innovalia-week-con-la-celebracion-de-la-18a-convencion-innovalia-esta-vez-en-formato-virtual\/#primaryimage\",\"url\":\"https:\/\/innovalia-metrology.com\/wp-content\/uploads\/2020\/07\/21-6b48e892214d1c3c-copia.png\",\"contentUrl\":\"https:\/\/innovalia-metrology.com\/wp-content\/uploads\/2020\/07\/21-6b48e892214d1c3c-copia.png\",\"width\":900,\"height\":490},{\"@type\":\"BreadcrumbList\",\"@id\":\"https:\/\/innovalia-metrology.com\/es\/el-grupo-innovalia-cerro-la-1a-innovalia-week-con-la-celebracion-de-la-18a-convencion-innovalia-esta-vez-en-formato-virtual\/#breadcrumb\",\"itemListElement\":[{\"@type\":\"ListItem\",\"position\":1,\"name\":\"Home\",\"item\":\"https:\/\/innovalia-metrology.com\/es\/\"},{\"@type\":\"ListItem\",\"position\":2,\"name\":\"El Grupo Innovalia cerr\u00f3 la 1\u00aa Innovalia Week con la celebraci\u00f3n de la 18\u00aa Convenci\u00f3n Innovalia, esta vez, en formato virtual\"}]},{\"@type\":\"WebSite\",\"@id\":\"https:\/\/innovalia-metrology.com\/es\/#website\",\"url\":\"https:\/\/innovalia-metrology.com\/es\/\",\"name\":\"INNOVALIA METROLOGY\",\"description\":\"METROLOGY SOLUTIONS\",\"publisher\":{\"@id\":\"https:\/\/innovalia-metrology.com\/es\/#organization\"},\"potentialAction\":[{\"@type\":\"SearchAction\",\"target\":{\"@type\":\"EntryPoint\",\"urlTemplate\":\"https:\/\/innovalia-metrology.com\/es\/?s={search_term_string}\"},\"query-input\":{\"@type\":\"PropertyValueSpecification\",\"valueRequired\":true,\"valueName\":\"search_term_string\"}}],\"inLanguage\":\"es\"},{\"@type\":\"Organization\",\"@id\":\"https:\/\/innovalia-metrology.com\/es\/#organization\",\"name\":\"INNOVALIA METROLOGY\",\"url\":\"https:\/\/innovalia-metrology.com\/es\/\",\"logo\":{\"@type\":\"ImageObject\",\"inLanguage\":\"es\",\"@id\":\"https:\/\/innovalia-metrology.com\/es\/#\/schema\/logo\/image\/\",\"url\":\"https:\/\/innovalia-metrology.com\/wp-content\/uploads\/2025\/10\/Diseno-sin-titulo-36.png\",\"contentUrl\":\"https:\/\/innovalia-metrology.com\/wp-content\/uploads\/2025\/10\/Diseno-sin-titulo-36.png\",\"width\":300,\"height\":250,\"caption\":\"INNOVALIA METROLOGY\"},\"image\":{\"@id\":\"https:\/\/innovalia-metrology.com\/es\/#\/schema\/logo\/image\/\"},\"sameAs\":[\"https:\/\/x.com\/IMetrology_ES\",\"https:\/\/www.linkedin.com\/company\/innovalia-metrology\",\"https:\/\/www.youtube.com\/channel\/UCV7L_atMrcg6DUslHYeDaYQ\"]},{\"@type\":\"Person\",\"@id\":\"https:\/\/innovalia-metrology.com\/es\/#\/schema\/person\/6223d264bcb89da720d425cadd2ad597\",\"name\":\"innovalia-metrology\",\"image\":{\"@type\":\"ImageObject\",\"inLanguage\":\"es\",\"@id\":\"https:\/\/innovalia-metrology.com\/es\/#\/schema\/person\/image\/\",\"url\":\"https:\/\/secure.gravatar.com\/avatar\/c656605e5868c2a34ff4926cf2237086?s=96&d=mm&r=g\",\"contentUrl\":\"https:\/\/secure.gravatar.com\/avatar\/c656605e5868c2a34ff4926cf2237086?s=96&d=mm&r=g\",\"caption\":\"innovalia-metrology\"},\"url\":\"https:\/\/innovalia-metrology.com\/es\/author\/soporte-innovalia-metrology\/\"}]}<\/script>","yoast_head_json":{"title":"El Grupo Innovalia cerr\u00f3 la 1\u00aa Innovalia Week con la celebraci\u00f3n de la 18\u00aa Convenci\u00f3n Innovalia, esta vez, en formato virtual","robots":{"index":"index","follow":"follow","max-snippet":"max-snippet:-1","max-image-preview":"max-image-preview:large","max-video-preview":"max-video-preview:-1"},"canonical":"https:\/\/innovalia-metrology.com\/es\/el-grupo-innovalia-cerro-la-1a-innovalia-week-con-la-celebracion-de-la-18a-convencion-innovalia-esta-vez-en-formato-virtual\/","og_locale":"es_ES","og_type":"article","og_title":"El Grupo Innovalia cerr\u00f3 la 1\u00aa Innovalia Week con la celebraci\u00f3n de la 18\u00aa Convenci\u00f3n Innovalia, esta vez, en formato virtual","og_description":"El Grupo Innovalia celebr\u00f3 del 13 al 17 de julio, la 1\u00aa Innovalia Week, un evento virtual a lo largo de una semana, en el que el Grupo Innovalia abri\u00f3 sus puertas m\u00e1s que nunca para presentar soluciones, herramientas y metodolog\u00edas que se desarrollan y comercializan desde el grupo y que son clave para superar los retos actuales de la industria.","og_url":"https:\/\/innovalia-metrology.com\/es\/el-grupo-innovalia-cerro-la-1a-innovalia-week-con-la-celebracion-de-la-18a-convencion-innovalia-esta-vez-en-formato-virtual\/","og_site_name":"INNOVALIA METROLOGY | INDUSTRIAL METROLOGY SOLUTIONS","article_published_time":"2020-07-22T09:25:06+00:00","article_modified_time":"2023-03-10T11:05:33+00:00","og_image":[{"width":900,"height":490,"url":"https:\/\/innovalia-metrology.com\/wp-content\/uploads\/2020\/07\/21-6b48e892214d1c3c-copia.png","type":"image\/png"}],"author":"innovalia-metrology","twitter_misc":{"Escrito por":"innovalia-metrology","Tiempo de lectura":"5 minutos"},"schema":{"@context":"https:\/\/schema.org","@graph":[{"@type":"Article","@id":"https:\/\/innovalia-metrology.com\/es\/el-grupo-innovalia-cerro-la-1a-innovalia-week-con-la-celebracion-de-la-18a-convencion-innovalia-esta-vez-en-formato-virtual\/#article","isPartOf":{"@id":"https:\/\/innovalia-metrology.com\/es\/el-grupo-innovalia-cerro-la-1a-innovalia-week-con-la-celebracion-de-la-18a-convencion-innovalia-esta-vez-en-formato-virtual\/"},"author":{"name":"innovalia-metrology","@id":"https:\/\/innovalia-metrology.com\/es\/#\/schema\/person\/6223d264bcb89da720d425cadd2ad597"},"headline":"El Grupo Innovalia cerr\u00f3 la 1\u00aa Innovalia Week con la celebraci\u00f3n de la 18\u00aa Convenci\u00f3n Innovalia, esta vez, en formato virtual","datePublished":"2020-07-22T09:25:06+00:00","dateModified":"2023-03-10T11:05:33+00:00","mainEntityOfPage":{"@id":"https:\/\/innovalia-metrology.com\/es\/el-grupo-innovalia-cerro-la-1a-innovalia-week-con-la-celebracion-de-la-18a-convencion-innovalia-esta-vez-en-formato-virtual\/"},"wordCount":1029,"publisher":{"@id":"https:\/\/innovalia-metrology.com\/es\/#organization"},"image":{"@id":"https:\/\/innovalia-metrology.com\/es\/el-grupo-innovalia-cerro-la-1a-innovalia-week-con-la-celebracion-de-la-18a-convencion-innovalia-esta-vez-en-formato-virtual\/#primaryimage"},"thumbnailUrl":"https:\/\/innovalia-metrology.com\/wp-content\/uploads\/2020\/07\/21-6b48e892214d1c3c-copia.png","articleSection":["Eventos","Noticias"],"inLanguage":"es"},{"@type":"WebPage","@id":"https:\/\/innovalia-metrology.com\/es\/el-grupo-innovalia-cerro-la-1a-innovalia-week-con-la-celebracion-de-la-18a-convencion-innovalia-esta-vez-en-formato-virtual\/","url":"https:\/\/innovalia-metrology.com\/es\/el-grupo-innovalia-cerro-la-1a-innovalia-week-con-la-celebracion-de-la-18a-convencion-innovalia-esta-vez-en-formato-virtual\/","name":"El Grupo Innovalia cerr\u00f3 la 1\u00aa Innovalia Week con la celebraci\u00f3n de la 18\u00aa Convenci\u00f3n Innovalia, esta vez, en formato virtual","isPartOf":{"@id":"https:\/\/innovalia-metrology.com\/es\/#website"},"primaryImageOfPage":{"@id":"https:\/\/innovalia-metrology.com\/es\/el-grupo-innovalia-cerro-la-1a-innovalia-week-con-la-celebracion-de-la-18a-convencion-innovalia-esta-vez-en-formato-virtual\/#primaryimage"},"image":{"@id":"https:\/\/innovalia-metrology.com\/es\/el-grupo-innovalia-cerro-la-1a-innovalia-week-con-la-celebracion-de-la-18a-convencion-innovalia-esta-vez-en-formato-virtual\/#primaryimage"},"thumbnailUrl":"https:\/\/innovalia-metrology.com\/wp-content\/uploads\/2020\/07\/21-6b48e892214d1c3c-copia.png","datePublished":"2020-07-22T09:25:06+00:00","dateModified":"2023-03-10T11:05:33+00:00","breadcrumb":{"@id":"https:\/\/innovalia-metrology.com\/es\/el-grupo-innovalia-cerro-la-1a-innovalia-week-con-la-celebracion-de-la-18a-convencion-innovalia-esta-vez-en-formato-virtual\/#breadcrumb"},"inLanguage":"es","potentialAction":[{"@type":"ReadAction","target":["https:\/\/innovalia-metrology.com\/es\/el-grupo-innovalia-cerro-la-1a-innovalia-week-con-la-celebracion-de-la-18a-convencion-innovalia-esta-vez-en-formato-virtual\/"]}]},{"@type":"ImageObject","inLanguage":"es","@id":"https:\/\/innovalia-metrology.com\/es\/el-grupo-innovalia-cerro-la-1a-innovalia-week-con-la-celebracion-de-la-18a-convencion-innovalia-esta-vez-en-formato-virtual\/#primaryimage","url":"https:\/\/innovalia-metrology.com\/wp-content\/uploads\/2020\/07\/21-6b48e892214d1c3c-copia.png","contentUrl":"https:\/\/innovalia-metrology.com\/wp-content\/uploads\/2020\/07\/21-6b48e892214d1c3c-copia.png","width":900,"height":490},{"@type":"BreadcrumbList","@id":"https:\/\/innovalia-metrology.com\/es\/el-grupo-innovalia-cerro-la-1a-innovalia-week-con-la-celebracion-de-la-18a-convencion-innovalia-esta-vez-en-formato-virtual\/#breadcrumb","itemListElement":[{"@type":"ListItem","position":1,"name":"Home","item":"https:\/\/innovalia-metrology.com\/es\/"},{"@type":"ListItem","position":2,"name":"El Grupo Innovalia cerr\u00f3 la 1\u00aa Innovalia Week con la celebraci\u00f3n de la 18\u00aa Convenci\u00f3n Innovalia, esta vez, en formato virtual"}]},{"@type":"WebSite","@id":"https:\/\/innovalia-metrology.com\/es\/#website","url":"https:\/\/innovalia-metrology.com\/es\/","name":"INNOVALIA METROLOGY","description":"METROLOGY SOLUTIONS","publisher":{"@id":"https:\/\/innovalia-metrology.com\/es\/#organization"},"potentialAction":[{"@type":"SearchAction","target":{"@type":"EntryPoint","urlTemplate":"https:\/\/innovalia-metrology.com\/es\/?s={search_term_string}"},"query-input":{"@type":"PropertyValueSpecification","valueRequired":true,"valueName":"search_term_string"}}],"inLanguage":"es"},{"@type":"Organization","@id":"https:\/\/innovalia-metrology.com\/es\/#organization","name":"INNOVALIA METROLOGY","url":"https:\/\/innovalia-metrology.com\/es\/","logo":{"@type":"ImageObject","inLanguage":"es","@id":"https:\/\/innovalia-metrology.com\/es\/#\/schema\/logo\/image\/","url":"https:\/\/innovalia-metrology.com\/wp-content\/uploads\/2025\/10\/Diseno-sin-titulo-36.png","contentUrl":"https:\/\/innovalia-metrology.com\/wp-content\/uploads\/2025\/10\/Diseno-sin-titulo-36.png","width":300,"height":250,"caption":"INNOVALIA METROLOGY"},"image":{"@id":"https:\/\/innovalia-metrology.com\/es\/#\/schema\/logo\/image\/"},"sameAs":["https:\/\/x.com\/IMetrology_ES","https:\/\/www.linkedin.com\/company\/innovalia-metrology","https:\/\/www.youtube.com\/channel\/UCV7L_atMrcg6DUslHYeDaYQ"]},{"@type":"Person","@id":"https:\/\/innovalia-metrology.com\/es\/#\/schema\/person\/6223d264bcb89da720d425cadd2ad597","name":"innovalia-metrology","image":{"@type":"ImageObject","inLanguage":"es","@id":"https:\/\/innovalia-metrology.com\/es\/#\/schema\/person\/image\/","url":"https:\/\/secure.gravatar.com\/avatar\/c656605e5868c2a34ff4926cf2237086?s=96&d=mm&r=g","contentUrl":"https:\/\/secure.gravatar.com\/avatar\/c656605e5868c2a34ff4926cf2237086?s=96&d=mm&r=g","caption":"innovalia-metrology"},"url":"https:\/\/innovalia-metrology.com\/es\/author\/soporte-innovalia-metrology\/"}]}},"_links":{"self":[{"href":"https:\/\/innovalia-metrology.com\/es\/wp-json\/wp\/v2\/posts\/631960","targetHints":{"allow":["GET"]}}],"collection":[{"href":"https:\/\/innovalia-metrology.com\/es\/wp-json\/wp\/v2\/posts"}],"about":[{"href":"https:\/\/innovalia-metrology.com\/es\/wp-json\/wp\/v2\/types\/post"}],"author":[{"embeddable":true,"href":"https:\/\/innovalia-metrology.com\/es\/wp-json\/wp\/v2\/users\/85986"}],"replies":[{"embeddable":true,"href":"https:\/\/innovalia-metrology.com\/es\/wp-json\/wp\/v2\/comments?post=631960"}],"version-history":[{"count":3,"href":"https:\/\/innovalia-metrology.com\/es\/wp-json\/wp\/v2\/posts\/631960\/revisions"}],"predecessor-version":[{"id":633097,"href":"https:\/\/innovalia-metrology.com\/es\/wp-json\/wp\/v2\/posts\/631960\/revisions\/633097"}],"wp:featuredmedia":[{"embeddable":true,"href":"https:\/\/innovalia-metrology.com\/es\/wp-json\/wp\/v2\/media\/96836"}],"wp:attachment":[{"href":"https:\/\/innovalia-metrology.com\/es\/wp-json\/wp\/v2\/media?parent=631960"}],"wp:term":[{"taxonomy":"category","embeddable":true,"href":"https:\/\/innovalia-metrology.com\/es\/wp-json\/wp\/v2\/categories?post=631960"},{"taxonomy":"post_tag","embeddable":true,"href":"https:\/\/innovalia-metrology.com\/es\/wp-json\/wp\/v2\/tags?post=631960"}],"curies":[{"name":"wp","href":"https:\/\/api.w.org\/{rel}","templated":true}]}}